{"id":28239,"date":"2026-09-01T09:48:00","date_gmt":"2026-09-01T09:48:00","guid":{"rendered":"https:\/\/buritama.sp.gov.br\/?p=28239"},"modified":"2026-09-01T12:52:23","modified_gmt":"2026-09-01T12:52:23","slug":"prefeitura-entrega-certidoes-de-regularizacao-a-empresas-do-parque-industrial-de-buritama","status":"publish","type":"post","link":"https:\/\/buritama.sp.gov.br\/?p=28239","title":{"rendered":"Prefeitura entrega certid\u00f5es de regulariza\u00e7\u00e3o a empresas do Parque Industrial de Buritama"},"content":{"rendered":"\n<p class=\"wp-block-paragraph\"><strong>A\u00e7\u00f5es contemplam neg\u00f3cios com pend\u00eancias de documenta\u00e7\u00e3o h\u00e1 mais de 15 e 20 anos no munic\u00edpio.<\/strong><\/p>\n\n\n\n<p class=\"wp-block-paragraph\">O Governo Municipal realizou a entrega de certid\u00f5es declarat\u00f3rias de cumprimento de encargos a empresas instaladas no Parque Industrial e Comercial Elizi\u00e1rio Severino Pereira. A medida formaliza a quita\u00e7\u00e3o integral das obriga\u00e7\u00f5es previstas nos instrumentos de doa\u00e7\u00e3o de terrenos p\u00fablicos e encerra processos de regulariza\u00e7\u00e3o fundi\u00e1ria que se arrastavam por anos.<\/p>\n\n\n\n<p class=\"wp-block-paragraph\">No dia 21 de julho de 2026, a administra\u00e7\u00e3o municipal entregou o documento \u00e0 empresa Sert\u00e3o Com\u00e9rcio de Pe\u00e7as Agr\u00edcolas Ltda, representada pelo s\u00f3cio Jos\u00e9 Ademir Piccoli Junior. A certid\u00e3o atesta o cumprimento das condi\u00e7\u00f5es estabelecidas para a doa\u00e7\u00e3o dos lotes 16 e 17 da Quadra A, concluindo uma demanda de regulariza\u00e7\u00e3o imobili\u00e1ria mantida h\u00e1 mais de 15 anos.<\/p>\n\n\n\n<p class=\"wp-block-paragraph\">Nesta sexta-feira (28), a certid\u00e3o declarat\u00f3ria foi concedida \u00e0 empresa Tecmec Tecnologia Automotiva Ltda, representada pelo propriet\u00e1rio Ubirajara Evangelista. A quita\u00e7\u00e3o dos encargos legais refere-se aos lotes 15 e 16 da Quadra B no mesmo distrito industrial, atendendo a um pleito de regulariza\u00e7\u00e3o pendente junto ao munic\u00edpio h\u00e1 mais de 20 anos.<\/p>\n\n\n\n<p class=\"wp-block-paragraph\">A emiss\u00e3o das certid\u00f5es declarat\u00f3rias garante \u00e0s empresas a seguran\u00e7a jur\u00eddica necess\u00e1ria para a continuidade das opera\u00e7\u00f5es no distrito industrial. A regulariza\u00e7\u00e3o dos lotes permite que os empres\u00e1rios realizem novos investimentos de expans\u00e3o f\u00edsica, obtenham licen\u00e7as definitivas e ampliem a capacidade produtiva e a contrata\u00e7\u00e3o de m\u00e3o de obra local.<\/p>\n\n\n\n<p class=\"wp-block-paragraph\">O alinhamento da documenta\u00e7\u00e3o dos distritos industriais integra o plano municipal de desenvolvimento econ\u00f4mico e apoio \u00e0s empresas da cidade. Ao regularizar a situa\u00e7\u00e3o das \u00e1reas do Parque Industrial, o&nbsp;<strong>Governo da Est\u00e2ncia Tur\u00edstica de Buritama<\/strong>&nbsp;atua para fortalecer o ambiente de neg\u00f3cios e incentivar a gera\u00e7\u00e3o de empregos e renda.<\/p>\n","protected":false},"excerpt":{"rendered":"<p>A\u00e7\u00f5es contemplam neg\u00f3cios com pend\u00eancias de documenta\u00e7\u00e3o h\u00e1 mais de 15 e 20 anos no munic\u00edpio. O Governo Municipal realizou a entrega de certid\u00f5es declarat\u00f3rias de cumprimento de encargos a empresas instaladas no Parque Industrial e Comercial Elizi\u00e1rio Severino Pereira. A medida formaliza a quita\u00e7\u00e3o integral das obriga\u00e7\u00f5es previstas nos instrumentos de doa\u00e7\u00e3o de terrenos [&hellip;]<\/p>\n","protected":false},"author":4,"featured_media":28240,"comment_status":"open","ping_status":"open","sticky":false,"template":"","format":"standard","meta":{"footnotes":""},"categories":[36,37,117],"tags":[],"class_list":["post-28239","post","type-post","status-publish","format-standard","has-post-thumbnail","hentry","category-administracao","category-destaque","category-planejamento"],"_links":{"self":[{"href":"https:\/\/buritama.sp.gov.br\/index.php?rest_route=\/wp\/v2\/posts\/28239","targetHints":{"allow":["GET"]}}],"collection":[{"href":"https:\/\/buritama.sp.gov.br\/index.php?rest_route=\/wp\/v2\/posts"}],"about":[{"href":"https:\/\/buritama.sp.gov.br\/index.php?rest_route=\/wp\/v2\/types\/post"}],"author":[{"embeddable":true,"href":"https:\/\/buritama.sp.gov.br\/index.php?rest_route=\/wp\/v2\/users\/4"}],"replies":[{"embeddable":true,"href":"https:\/\/buritama.sp.gov.br\/index.php?rest_route=%2Fwp%2Fv2%2Fcomments&post=28239"}],"version-history":[{"count":1,"href":"https:\/\/buritama.sp.gov.br\/index.php?rest_route=\/wp\/v2\/posts\/28239\/revisions"}],"predecessor-version":[{"id":28241,"href":"https:\/\/buritama.sp.gov.br\/index.php?rest_route=\/wp\/v2\/posts\/28239\/revisions\/28241"}],"wp:featuredmedia":[{"embeddable":true,"href":"https:\/\/buritama.sp.gov.br\/index.php?rest_route=\/wp\/v2\/media\/28240"}],"wp:attachment":[{"href":"https:\/\/buritama.sp.gov.br\/index.php?rest_route=%2Fwp%2Fv2%2Fmedia&parent=28239"}],"wp:term":[{"taxonomy":"category","embeddable":true,"href":"https:\/\/buritama.sp.gov.br\/index.php?rest_route=%2Fwp%2Fv2%2Fcategories&post=28239"},{"taxonomy":"post_tag","embeddable":true,"href":"https:\/\/buritama.sp.gov.br\/index.php?rest_route=%2Fwp%2Fv2%2Ftags&post=28239"}],"curies":[{"name":"wp","href":"https:\/\/api.w.org\/{rel}","templated":true}]}}