{"id":28242,"date":"2026-09-01T09:51:00","date_gmt":"2026-09-01T09:51:00","guid":{"rendered":"https:\/\/buritama.sp.gov.br\/?p=28242"},"modified":"2026-09-01T12:54:36","modified_gmt":"2026-09-01T12:54:36","slug":"buritama-sera-sede-da-copa-interior-de-futebol-de-base-em-janeiro-de-2027","status":"publish","type":"post","link":"https:\/\/buritama.sp.gov.br\/?p=28242","title":{"rendered":"Buritama ser\u00e1 sede da Copa Interior de Futebol de Base em janeiro de 2027"},"content":{"rendered":"\n<p class=\"wp-block-paragraph\"><strong>Competi\u00e7\u00e3o reunir\u00e1 cerca de 800 atletas de equipes brasileiras e sul-americanas no munic\u00edpio.<\/strong><\/p>\n\n\n\n<p class=\"wp-block-paragraph\">O munic\u00edpio de Buritama foi confirmado como sede oficial da Copa Interior de Futebol de Base, prevista para ocorrer entre os dias 16 e 23 de janeiro de 2027. A realiza\u00e7\u00e3o da competi\u00e7\u00e3o no munic\u00edpio reunir\u00e1 cerca de 800 atletas distribu\u00eddos entre as categorias Sub-10, Sub-12, Sub-14 e Sub-16.<\/p>\n\n\n\n<p class=\"wp-block-paragraph\">A defini\u00e7\u00e3o da cidade como sede do torneio ocorreu durante reuni\u00e3o de alinhamento realizada no gabinete do prefeito Dr. Tiago. O encontro contou com a presen\u00e7a do diretor administrativo Murilo Gioli, do diretor de esportes Rodolfo Guimar\u00e3es, do presidente da Copa Interior, Danilo Carvalho, e do executivo da competi\u00e7\u00e3o, Evandro Flores, para alinhar os detalhes log\u00edsticos do evento.<\/p>\n\n\n\n<p class=\"wp-block-paragraph\">O campeonato contar\u00e1 com a participa\u00e7\u00e3o de equipes de diversos estados brasileiros e de representa\u00e7\u00f5es sul-americanas, como times do Paraguai. A presen\u00e7a de delega\u00e7\u00f5es internacionais e de diferentes regi\u00f5es do pa\u00eds movimentar\u00e1 a infraestrutura esportiva local e fomentar\u00e1 o turismo e o com\u00e9rcio do munic\u00edpio durante o per\u00edodo de disputas.<\/p>\n\n\n\n<p class=\"wp-block-paragraph\">A escolha de Buritama para sediar um torneio de alcance internacional reflete a estrutura dos campos e pra\u00e7as esportivas mantidos pela administra\u00e7\u00e3o municipal. A competi\u00e7\u00e3o servir\u00e1 como plataforma de interc\u00e2mbio esportivo para os alunos das escolinhas de base do munic\u00edpio, que enfrentar\u00e3o atletas de diferentes metodologias de forma\u00e7\u00e3o.<\/p>\n\n\n\n<p class=\"wp-block-paragraph\">O incentivo \u00e0 realiza\u00e7\u00e3o de grandes eventos esportivos integra o plano municipal de valoriza\u00e7\u00e3o das categorias de base e promo\u00e7\u00e3o da cidade. Ao sediar a competi\u00e7\u00e3o regional, o&nbsp;<strong>Governo da Est\u00e2ncia Tur\u00edstica de Buritama<\/strong>&nbsp;atua para projetar o munic\u00edpio no cen\u00e1rio esportivo e incentivar a pr\u00e1tica do esporte entre os jovens locais.<\/p>\n","protected":false},"excerpt":{"rendered":"<p>Competi\u00e7\u00e3o reunir\u00e1 cerca de 800 atletas de equipes brasileiras e sul-americanas no munic\u00edpio. O munic\u00edpio de Buritama foi confirmado como sede oficial da Copa Interior de Futebol de Base, prevista para ocorrer entre os dias 16 e 23 de janeiro de 2027. A realiza\u00e7\u00e3o da competi\u00e7\u00e3o no munic\u00edpio reunir\u00e1 cerca de 800 atletas distribu\u00eddos entre [&hellip;]<\/p>\n","protected":false},"author":4,"featured_media":28243,"comment_status":"open","ping_status":"open","sticky":false,"template":"","format":"standard","meta":{"footnotes":""},"categories":[36,37,38],"tags":[],"class_list":["post-28242","post","type-post","status-publish","format-standard","has-post-thumbnail","hentry","category-administracao","category-destaque","category-esporte-e-lazer"],"_links":{"self":[{"href":"https:\/\/buritama.sp.gov.br\/index.php?rest_route=\/wp\/v2\/posts\/28242","targetHints":{"allow":["GET"]}}],"collection":[{"href":"https:\/\/buritama.sp.gov.br\/index.php?rest_route=\/wp\/v2\/posts"}],"about":[{"href":"https:\/\/buritama.sp.gov.br\/index.php?rest_route=\/wp\/v2\/types\/post"}],"author":[{"embeddable":true,"href":"https:\/\/buritama.sp.gov.br\/index.php?rest_route=\/wp\/v2\/users\/4"}],"replies":[{"embeddable":true,"href":"https:\/\/buritama.sp.gov.br\/index.php?rest_route=%2Fwp%2Fv2%2Fcomments&post=28242"}],"version-history":[{"count":1,"href":"https:\/\/buritama.sp.gov.br\/index.php?rest_route=\/wp\/v2\/posts\/28242\/revisions"}],"predecessor-version":[{"id":28244,"href":"https:\/\/buritama.sp.gov.br\/index.php?rest_route=\/wp\/v2\/posts\/28242\/revisions\/28244"}],"wp:featuredmedia":[{"embeddable":true,"href":"https:\/\/buritama.sp.gov.br\/index.php?rest_route=\/wp\/v2\/media\/28243"}],"wp:attachment":[{"href":"https:\/\/buritama.sp.gov.br\/index.php?rest_route=%2Fwp%2Fv2%2Fmedia&parent=28242"}],"wp:term":[{"taxonomy":"category","embeddable":true,"href":"https:\/\/buritama.sp.gov.br\/index.php?rest_route=%2Fwp%2Fv2%2Fcategories&post=28242"},{"taxonomy":"post_tag","embeddable":true,"href":"https:\/\/buritama.sp.gov.br\/index.php?rest_route=%2Fwp%2Fv2%2Ftags&post=28242"}],"curies":[{"name":"wp","href":"https:\/\/api.w.org\/{rel}","templated":true}]}}