{"id":28251,"date":"2026-09-02T09:50:00","date_gmt":"2026-09-02T09:50:00","guid":{"rendered":"https:\/\/buritama.sp.gov.br\/?p=28251"},"modified":"2026-09-02T12:53:52","modified_gmt":"2026-09-02T12:53:52","slug":"empresas-de-buritama-podem-participar-da-missao-sp-exporta-2026-no-exterior","status":"publish","type":"post","link":"https:\/\/buritama.sp.gov.br\/?p=28251","title":{"rendered":"Empresas de Buritama podem participar da Miss\u00e3o SP Exporta 2026 no exterior"},"content":{"rendered":"\n<p class=\"wp-block-paragraph\">Como Munic\u00edpio Global, a cidade incentiva a internacionaliza\u00e7\u00e3o de neg\u00f3cios locais nos mercados do Paraguai e da Col\u00f4mbia.<\/p>\n\n\n\n<p class=\"wp-block-paragraph\">Empresas sediadas em Buritama atuantes nos setores de alimentos e bebidas, produtos pet, higiene pessoal, perfumaria e cosm\u00e9ticos t\u00eam a oportunidade de expandir seus neg\u00f3cios para o mercado internacional por meio da Miss\u00e3o SP Exporta 2026 \u2013 Paraguai e Col\u00f4mbia. O programa levar\u00e1 at\u00e9 30 empreendimentos paulistas \u00e0s cidades de Assun\u00e7\u00e3o e Bogot\u00e1 entre os dias 23 e 27 de novembro de 2026.<\/p>\n\n\n\n<p class=\"wp-block-paragraph\">A iniciativa \u00e9 promovida de forma conjunta pela Fiesp, InvestSP, Sebrae-SP e S\u00e3o Paulo Neg\u00f3cios para promover rodadas de neg\u00f3cios com compradores internacionais, reuni\u00f5es comerciais e semin\u00e1rios t\u00e9cnicos. O processo seletivo dar\u00e1 prioridade de atendimento a micro e pequenos neg\u00f3cios e empresas em fase inicial de internacionaliza\u00e7\u00e3o.<\/p>\n\n\n\n<p class=\"wp-block-paragraph\">A participa\u00e7\u00e3o no projeto refor\u00e7a o posicionamento estrat\u00e9gico do munic\u00edpio, que faz parte do programa Munic\u00edpio Global para fomento ao com\u00e9rcio exterior e desenvolvimento econ\u00f4mico local. Empreendimentos que j\u00e1 participaram de capacita\u00e7\u00f5es como Exporta SP, MPE Global ou PEIEX contar\u00e3o com pontua\u00e7\u00e3o adicional durante a fase de avalia\u00e7\u00e3o do perfil corporativo.<\/p>\n\n\n\n<p class=\"wp-block-paragraph\">As inscri\u00e7\u00f5es para a sele\u00e7\u00e3o permanecem abertas at\u00e9 o dia 13 de setembro por meio de formul\u00e1rio eletr\u00f4nico. A agenda internacional busca viabilizar contratos diretos de exporta\u00e7\u00e3o, fortalecendo a competitividade da ind\u00fastria e do com\u00e9rcio da regi\u00e3o no mercado sul-americano.<\/p>\n\n\n\n<p class=\"wp-block-paragraph\">A integra\u00e7\u00e3o de Buritama \u00e0s diretrizes globais de com\u00e9rcio visa atrair investimentos e gerar empregos e renda para a popula\u00e7\u00e3o local. Ao apoiar o acesso dos empreendedores a programas internacionais de neg\u00f3cios, o Governo da Est\u00e2ncia Tur\u00edstica de Buritama trabalha continuamente para dinamizar a economia e projetar o potencial do munic\u00edpio.<\/p>\n","protected":false},"excerpt":{"rendered":"<p>Como Munic\u00edpio Global, a cidade incentiva a internacionaliza\u00e7\u00e3o de neg\u00f3cios locais nos mercados do Paraguai e da Col\u00f4mbia. Empresas sediadas em Buritama atuantes nos setores de alimentos e bebidas, produtos pet, higiene pessoal, perfumaria e cosm\u00e9ticos t\u00eam a oportunidade de expandir seus neg\u00f3cios para o mercado internacional por meio da Miss\u00e3o SP Exporta 2026 \u2013 [&hellip;]<\/p>\n","protected":false},"author":4,"featured_media":28254,"comment_status":"open","ping_status":"open","sticky":false,"template":"","format":"standard","meta":{"footnotes":""},"categories":[36,70,37,117],"tags":[],"class_list":["post-28251","post","type-post","status-publish","format-standard","has-post-thumbnail","hentry","category-administracao","category-desenvolvimento-economico","category-destaque","category-planejamento"],"_links":{"self":[{"href":"https:\/\/buritama.sp.gov.br\/index.php?rest_route=\/wp\/v2\/posts\/28251","targetHints":{"allow":["GET"]}}],"collection":[{"href":"https:\/\/buritama.sp.gov.br\/index.php?rest_route=\/wp\/v2\/posts"}],"about":[{"href":"https:\/\/buritama.sp.gov.br\/index.php?rest_route=\/wp\/v2\/types\/post"}],"author":[{"embeddable":true,"href":"https:\/\/buritama.sp.gov.br\/index.php?rest_route=\/wp\/v2\/users\/4"}],"replies":[{"embeddable":true,"href":"https:\/\/buritama.sp.gov.br\/index.php?rest_route=%2Fwp%2Fv2%2Fcomments&post=28251"}],"version-history":[{"count":1,"href":"https:\/\/buritama.sp.gov.br\/index.php?rest_route=\/wp\/v2\/posts\/28251\/revisions"}],"predecessor-version":[{"id":28253,"href":"https:\/\/buritama.sp.gov.br\/index.php?rest_route=\/wp\/v2\/posts\/28251\/revisions\/28253"}],"wp:featuredmedia":[{"embeddable":true,"href":"https:\/\/buritama.sp.gov.br\/index.php?rest_route=\/wp\/v2\/media\/28254"}],"wp:attachment":[{"href":"https:\/\/buritama.sp.gov.br\/index.php?rest_route=%2Fwp%2Fv2%2Fmedia&parent=28251"}],"wp:term":[{"taxonomy":"category","embeddable":true,"href":"https:\/\/buritama.sp.gov.br\/index.php?rest_route=%2Fwp%2Fv2%2Fcategories&post=28251"},{"taxonomy":"post_tag","embeddable":true,"href":"https:\/\/buritama.sp.gov.br\/index.php?rest_route=%2Fwp%2Fv2%2Ftags&post=28251"}],"curies":[{"name":"wp","href":"https:\/\/api.w.org\/{rel}","templated":true}]}}